{"id":2806,"date":"2024-01-17T15:24:24","date_gmt":"2024-01-17T14:24:24","guid":{"rendered":"https:\/\/medialatitudes.be\/en\/?p=2806"},"modified":"2024-01-24T15:02:40","modified_gmt":"2024-01-24T14:02:40","slug":"burundi-lex-premier-ministre-condamne-a-perpetuite-pour-avoir-voulu-renverser-le-regime","status":"publish","type":"post","link":"https:\/\/medialatitudes.be\/en\/burundi-lex-premier-ministre-condamne-a-perpetuite-pour-avoir-voulu-renverser-le-regime\/","title":{"rendered":"Burundi : l\u2019ex-Premier ministre condamn\u00e9 \u00e0 perp\u00e9tuit\u00e9 pour avoir voulu &#8220;renverser le r\u00e9gime&#8221;"},"content":{"rendered":"<p>Le verdict de l&#8217;affaire Alain-Guillaume Bunyoni est tomb\u00e9 le 8 d\u00e9cembre dernier et c\u2019est le pr\u00e9sident de la Cour supr\u00eame, Emmanuel Gateretse, qui a annonc\u00e9 la d\u00e9cision. L&#8217;ancien Premier ministre burundais a \u00e9t\u00e9 d\u00e9clar\u00e9 coupable pour sept chefs d\u2019accusation, notamment pour atteinte \u00e0 la s\u00e9curit\u00e9 int\u00e9rieure de l\u2019<span class=\"mw-page-title-main\">\u00c9<\/span>tat, attentat \u00e0 la vie du pr\u00e9sident et complot au coup d\u2019<span class=\"mw-page-title-main\">\u00c9<\/span>tat. Il purgera une peine de prison \u00e0 perp\u00e9tuit\u00e9. Cette d\u00e9cision est tomb\u00e9e pr\u00e8s d&#8217;un mois apr\u00e8s les auditions qui se sont d\u00e9roul\u00e9es sur son lieu de d\u00e9tention \u00e0 Gitega, la capitale politique du pays, situ\u00e9e \u00e0 plus de 100km de Bujumbura, la capitale \u00e9conomique.<\/p>\n<p>Les r\u00e9quisitions du parquet ont, donc, \u00e9t\u00e9 suivies. Alain-Guillaume Bunyoni a \u00e9t\u00e9 reconnu coupable d&#8217;avoir pay\u00e9 <em>\u00ab une entreprise criminelle afin d&#8217;assassiner le chef de l\u2019\u00c9tat \u00bb, <\/em>\u00e0 savoir le pr\u00e9sident <span class=\"mw-page-title-main\">\u00c9variste Ndayishimiye,\u00a0<\/span>pour<em> \u00ab renverser le r\u00e9gime constitutionnel \u00bb.\u00a0<\/em>\u00c0 ces accusations, s&#8217;ajoutaient celles d&#8217;enrichissement ill\u00e9gal et d&#8217;une volont\u00e9 de d\u00e9stabilisation de l&#8217;\u00e9conomie. <em>\u00ab\u00a0L\u2019ex-Premier ministre aurait conserv\u00e9 chez lui des sommes colossales avec comme objectif de d\u00e9stabiliser le taux de change du franc burundais et rendre la vie difficile et de-l\u00e0 inciter la population \u00e0 la d\u00e9sob\u00e9issance totale\u00a0\u00bb<\/em>, a d\u00e9taill\u00e9 le minist\u00e8re public \u00e0 la cour de Gitega o\u00f9 l&#8217;ancien homme politique est d\u00e9tenu seul.<\/p>\n<p>Le <em>\u00ab<\/em> Mar\u00e9chal Bunyoni \u00bb, 51 ans, poss\u00e9derait aussi plus de 150 maisons et terrains ainsi qu\u2019une quarantaine de v\u00e9hicules.<\/p>\n<p><em>\u00ab Il devra \u00e9galement payer une amende de 7,1 millions de francs burundais (environ 2 280 euros) ainsi que des dommages et int\u00e9r\u00eats \u00e0 la hauteur du double de la valeur des 153 maisons et 43 v\u00e9hicules qui lui appartiennent, des biens acquis injustement \u00bb<\/em>, lit-on dans son jugement.<\/p>\n<p>Alain-Guillaume Bunyoni avait plaid\u00e9 non-coupable de tous les chefs d\u2019accusation et demand\u00e9 sa relaxe pure et simple, en invoquant <em>\u00ab un manque de preuves \u00bb<\/em>.<\/p>\n<h2><strong>Chute libre\u2026<\/strong><\/h2>\n<p>Le g\u00e9n\u00e9ral Bunyoni, devenu Premier ministre en juin 2020, avait \u00e9t\u00e9 d\u00e9mis de ses fonctions en septembre 2022, quelques jours apr\u00e8s que <a href=\"https:\/\/medialatitudes.be\/burundi-la-chute-du-faucon\/\" target=\"_blank\" rel=\"noopener\">le pr\u00e9sident Evariste Ndayishimiye ait d\u00e9nonc\u00e9, selon ce dernier, des vell\u00e9it\u00e9s de coup d\u2019<span class=\"mw-page-title-main\">\u00c9<\/span>tat<\/a>.<\/p>\n<p>Avant d&#8217;\u00eatre nomm\u00e9 \u00e0 ce poste, Alain-Guillaume Bunyoni, plus haut grad\u00e9 de la police burundaise jusqu&#8217;en 2007, \u00e9tait d\u00e9j\u00e0 consid\u00e9r\u00e9 comme le v\u00e9ritable num\u00e9ro deux du r\u00e9gime <a href=\"https:\/\/www.jeuneafrique.com\/319851\/politique\/chronologie-an-de-crise-burundi\/\" target=\"_blank\" rel=\"noopener\">depuis la crise politique de 2015,<\/a> en tant que chef de file des durs, parmi le groupe de g\u00e9n\u00e9raux qui contr\u00f4le le pouvoir burundais.<\/p>\n<p>Arr\u00eat\u00e9 en avril 2023, il s\u2019est vu aussi reprocher au cours de son proc\u00e8s de vouloir <em>\u00ab commettre des f\u00e9tiches contre la vie du chef de l\u2019\u00c9tat \u00bb<\/em> ou encore des prises ill\u00e9gales d\u2019int\u00e9r\u00eat.<\/p>\n<p><em>\u00ab\u00a0On aura tout vu\u00a0!\u00a0\u00bb<\/em>, analyse un ancien cadre du parti au pouvoir, aujourd\u2019hui en exil.<\/p>\n<p><em>\u00ab Voir Alain-Guillaume Bunyoni, qui est devenu le chef de la police \u00e0 deux reprises, dans les premi\u00e8res heures de la prise du pouvoir du parti Cndd-Fdd, poste qu\u2019il occupe jusqu\u2019en 2007, croupir dans les ge\u00f4les d\u2019une si petite cellule, apparemment isol\u00e9, c\u2019est inimaginable \u00bb<\/em>, s\u2019est-il exclam\u00e9 apr\u00e8s l\u2019annonce de la sentence <em>\u00ab\u00a0s\u00e9v\u00e8re\u00a0\u00bb<\/em>. <em>\u00abAlain-Guillaume Bunyoni finira-t-il ses jours en prison ? \u00bb<\/em>, se demande-t-il.<\/p>\n<h2><strong>Prisonnier politique \u00ab\u00a0injustement condamn\u00e9\u00a0\u00bb<\/strong><\/h2>\n<p>D\u2019apr\u00e8s un rapport d&#8217;Initiative pour les droits humains au Burundi (<a href=\"https:\/\/burundihri.org\/index.php\" target=\"_blank\" rel=\"noopener\">l&#8217;IDHB<\/a> se pr\u00e9sente comme un <em>&#8220;projet ind\u00e9pendant qui visait \u00e0 documenter l\u2019\u00e9volution de la situation des droits humains au Burundi&#8221;<\/em>), l\u2019ancien homme fort burundais doit \u00eatre consid\u00e9r\u00e9 comme un prisonnier politique.<\/p>\n<p><em>\u00ab La justice burundaise a de plus montr\u00e9 qu\u2019elle n\u2019\u00e9tait pas ind\u00e9pendante, elle n\u2019a pas fait preuve d\u2019impartialit\u00e9 et n\u2019a pas montr\u00e9 toutes les preuves sur ces accusations\u00bb<\/em>, estime Carina Tertsakian, chercheuse \u00e0 l\u2019IDHB.<\/p>\n<p><em>\u00ab Bunyoni a subi des injustices que lui-m\u00eame a inflig\u00e9 aux autres \u00bb, <\/em>estime Pacifique Nininahazwe, avant de d\u00e9velopper.<\/p>\n<p><em>\u00ab Oui le pouvoir a coll\u00e9 des crimes \u00e0 Alain-Guillaume Bunyoni et il n\u2019a pas eu le droit \u00e0 un proc\u00e8s \u00e9quitable. Cependant, d&#8217;autres chefs d\u2019accusations qui devraient \u00eatre retenus, ne le sont pas. Je pense notamment \u00e0 la r\u00e9pression sanglante des manifestations pacifiques de 2015 qui ont co\u00fbt\u00e9 la vie \u00e0 des milliers de jeunes Burundais. D\u2019autres ont disparu ou ont \u00e9t\u00e9 mis dans des fosses communes que seul Bunyoni et les siens connaissent \u00bb<\/em>, fait savoir Pacifique Nininahazwe, <a href=\"https:\/\/ndondeza.org\/\" target=\"_blank\" rel=\"noopener\">responsable de Ndonzeza<\/a>, l&#8217;ONG qui a recens\u00e9 plusieurs cas d\u2019ex\u00e9cutions extra-judiciaires depuis 2015 au Burundi.<\/p>\n<p>Alain-Guillaume Bunyoni, qui se surnomme \u00ab Mutama II \u00bb, (\u00ab num\u00e9ro deux du pays \u00bb), n\u2019a pas encore fait appel. Dans la salle d\u2019audience, certains l\u2019auraient entendu s&#8217;indigner : <em>\u00ab La justice ne s\u2019arr\u00eate pas l\u00e0 ! \u00bb<\/em>, aurait-il dit.<\/p>\n<h2><strong>Ses subalternes \u00e9crou\u00e9s<\/strong>\u2026<\/h2>\n<p>Cinq de ses co-accus\u00e9s \u00e9copent, quant \u00e0 eux, de peines allant de 3 \u00e0 15 ans de prison, contre 30 requis \u00e0 leur encontre. Parmi eux, le chef d\u2019\u00e9quipe de ce groupe, le colonel de police D\u00e9sir\u00e9 Uwamahoro condamn\u00e9 \u00e0 15 ans de prison.<\/p>\n<p>Ce dernier n&#8217;est pas inconnu des opposants au pouvoir puisqu&#8217;il dirigeait la brigade sp\u00e9ciale anti-\u00e9meutes. <em>\u00ab Si jamais l\u2019histoire pouvait servir de le\u00e7on. Gitega o\u00f9 est emprisonn\u00e9 Bunyoni est un centre de d\u00e9tention des putschistes du coup d\u2019<span class=\"mw-page-title-main\">\u00c9<\/span>tat manqu\u00e9 de 2015. Bunyoni et Uwamahoro sont d\u00e9tenus avec des milliers de personnes qu\u2019ils ont fait arr\u00eater injustement. L\u2019avenir nous r\u00e9serve des surprises \u00bb<\/em>, a d\u00e9clar\u00e9, pour sa part, Me Armel Niyongere, pr\u00e9sident de l\u2019<a href=\"https:\/\/www.acatburundi.org\/\" target=\"_blank\" rel=\"noopener\">ACAT-Burundi<\/a>, une ONG qui documente les bavures dans les prisons burundaises.<\/p>\n<p>D&#8217;autres activistes des droits humains consid\u00e8rent plut\u00f4t cet acharnement comme une <em>\u00ab rivalit\u00e9 personnelle entre Bunyoni et son \u00e9quipe et le pr\u00e9sident \u00c9variste Ndayishimiye \u00bb. <\/em>Selon eux, <em>\u00able tandem Neva-Bunyoni ne pouvait pas durer \u00bb<\/em> et le pr\u00e9sident se serait s\u00e9par\u00e9 d\u2019un collaborateur <em>\u00ab encombrant \u00bb<\/em>.<\/p>\n","protected":false},"excerpt":{"rendered":"<p>Alain-Guillaume Bunyoni a \u00e9t\u00e9 condamn\u00e9 d\u00e9but d\u00e9cembre. Des analystes parlent de \u00abrivalit\u00e9 personnelle\u00bb entre le pr\u00e9sident et son ancien compagnon d\u2019armes.<\/p>\n","protected":false},"author":2,"featured_media":2807,"comment_status":"closed","ping_status":"open","sticky":false,"template":"","format":"standard","meta":{"footnotes":""},"categories":[101],"tags":[32,353,252,354],"coauthors":[170],"class_list":["post-2806","post","type-post","status-publish","format-standard","has-post-thumbnail","hentry","category-international","tag-burundi","tag-condamnation","tag-general-bunyoni","tag-perpetuite"],"_links":{"self":[{"href":"https:\/\/medialatitudes.be\/en\/wp-json\/wp\/v2\/posts\/2806","targetHints":{"allow":["GET"]}}],"collection":[{"href":"https:\/\/medialatitudes.be\/en\/wp-json\/wp\/v2\/posts"}],"about":[{"href":"https:\/\/medialatitudes.be\/en\/wp-json\/wp\/v2\/types\/post"}],"author":[{"embeddable":true,"href":"https:\/\/medialatitudes.be\/en\/wp-json\/wp\/v2\/users\/2"}],"replies":[{"embeddable":true,"href":"https:\/\/medialatitudes.be\/en\/wp-json\/wp\/v2\/comments?post=2806"}],"version-history":[{"count":2,"href":"https:\/\/medialatitudes.be\/en\/wp-json\/wp\/v2\/posts\/2806\/revisions"}],"predecessor-version":[{"id":2809,"href":"https:\/\/medialatitudes.be\/en\/wp-json\/wp\/v2\/posts\/2806\/revisions\/2809"}],"wp:featuredmedia":[{"embeddable":true,"href":"https:\/\/medialatitudes.be\/en\/wp-json\/wp\/v2\/media\/2807"}],"wp:attachment":[{"href":"https:\/\/medialatitudes.be\/en\/wp-json\/wp\/v2\/media?parent=2806"}],"wp:term":[{"taxonomy":"category","embeddable":true,"href":"https:\/\/medialatitudes.be\/en\/wp-json\/wp\/v2\/categories?post=2806"},{"taxonomy":"post_tag","embeddable":true,"href":"https:\/\/medialatitudes.be\/en\/wp-json\/wp\/v2\/tags?post=2806"},{"taxonomy":"author","embeddable":true,"href":"https:\/\/medialatitudes.be\/en\/wp-json\/wp\/v2\/coauthors?post=2806"}],"curies":[{"name":"wp","href":"https:\/\/api.w.org\/{rel}","templated":true}]}}