{"id":3189,"date":"2025-11-20T12:00:54","date_gmt":"2025-11-20T11:00:54","guid":{"rendered":"https:\/\/medialatitudes.be\/en\/?p=3189"},"modified":"2026-03-07T21:57:41","modified_gmt":"2026-03-07T20:57:41","slug":"burkina-faso-a-warning-about-the-death-of-journalism","status":"publish","type":"post","link":"https:\/\/medialatitudes.be\/en\/burkina-faso-a-warning-about-the-death-of-journalism\/","title":{"rendered":"Burkina Faso: A Warning about the Death of Journalism*"},"content":{"rendered":"<p>This year\u2019s celebration took place under the theme: <em>\u201cLet\u2019s Not Break the Rampart: A Warning on the Death of Journalism.\u201d<\/em> A powerful title that perfectly reflects the deep deterioration of journalism and freedom of expression in the country over nearly a decade.<\/p>\n<p><strong>A Free Press in Free Fall<\/strong><\/p>\n<p>The decline in freedom of expression and of the press in Burkina Faso is striking. Only a few years ago, the country was held up as an example on the African continent. In 2019, Reporters Without Borders (RSF) ranked Burkina Faso 36th out of 180 countries, placing it first among French-speaking African nations and fifth in Africa overall.<\/p>\n<p>However, in just five years, the country has plummeted 50 places, now ranking 86th according to RSF. Two main factors explain this drop: the security crisis and successive coups d\u2019\u00e9tat in 2022.<\/p>\n<p><strong>The Terrorist Crisis: Public Enemy Number One<\/strong><\/p>\n<p>Since 2015, Burkina Faso\u2014like Mali and Niger\u2014has been mired in an unprecedented security crisis, marked by repeated attacks from armed terrorist groups. In this context of anti-terror initiatives, press freedom has been gravely undermined. As highlighted in several reports, including those from the Media Foundation for West Africa and RSF\u2019s special report <em>What it\u2019s like to be a journalist in the Sahel, <\/em>it has become nearly impossible\u2014and often dangerous\u2014for journalists to go into the field and gather information first-hand.<\/p>\n<p>In the regions most affected by terrorism, journalists, broadcasters, and community radio technicians\u2014often the only accessible media for local populations\u2014have been directly targeted, forcing some to abandon their profession or seek new livelihoods.<\/p>\n<p>The murder of two Spanish journalists in April 2021, David Beriain (43) and Roberto Fraile (47), along with an Irish environmental activist, while they were filming a documentary on anti-poaching activities in eastern Burkina Faso, tragically illustrates the mortal danger that journalists traveling in \u201cred zones\u201d face.<\/p>\n<p>Efforts to combat terrorism led to a revision of the Burkinab\u00e8 penal code in 2019 and 2020. These revisions introduced new offenses related to the publication of information about terrorism, further complicating the reporting of security issues.<\/p>\n<p>Under this law, anyone who publishes \u201cinformation,\u201d \u201cimages,\u201d or \u201csounds\u201d of \u201ca scene or act of a terrorist nature\u201d\u2014or anything that could compromise counterterrorism operations by defense and security forces\u2014can face one to five years in prison. According to the revised Code, such offenses are punishable by imprisonment of up to 10 years and a fine of up to 10 million CFA francs (approximately \u20ac15,900).<\/p>\n<p><strong>Silence or the Front Line<\/strong><\/p>\n<p>Beyond the terrorist crisis, the military coups of January and September 2022 further tightened restrictions. The military authorities quickly curtailed press freedom, imposing the official version as the only acceptable truth.<\/p>\n<p>Media suspensions, expulsions of foreign journalists, and arbitrary arrests have multiplied. Institutional reforms have also been introduced\u2014most notably the direct appointment of the president of the Conseil Sup\u00e9rieur de la Communication (CSC, Higher Council for Communication), the media regulatory body, by the head of state. This measure breaks with Burkina Faso\u2019s 2013 Organic Law and further concentrates regulatory power in the hands of the authorities.<\/p>\n<p>The 2013 Organic Law No. 015-2013\/AN (February 14, 2013) states in Article 28: <em>\u201cThe President of the Higher Council for Communication shall be elected by his or her peers and appointed by decree of the President of the Faso. The President is assisted by a Vice President elected by the members, who acts in the President\u2019s stead in the event of temporary absence.\u201d<\/em><\/p>\n<p><strong>Raids and Seizures<\/strong><\/p>\n<p>The new Organic Law No. 41-2023\/ALT (November 21, 2023) now stipulates that the President of the CSC is appointed by decree of the Head of State, who also chooses the Vice President from among the council members. The powers of the council members have even been strengthened: the law now authorizes them to conduct raids on media outlets and seize documents. In June 2024, the \u201cabduction\u201d of several journalists and commentators further exposed the vulnerability of press freedom in Burkina Faso. Arrested and detained under the pretext of national mobilization, their situation sparked international outrage.<\/p>\n<p><strong>\u201c<em>Professionalism Has Become a Crime<\/em>\u201d<\/strong><\/p>\n<p>During the 81st Session of the African Commission on Human and Peoples\u2019 Rights (ACHPR) in Banjul, the Burkinab\u00e8 government finally confirmed that Serge Oulon, Adama Bayala, and Kalifara S\u00e9r\u00e9 had been \u201crequisitioned\u201d for security reasons.<\/p>\n<p>Speaking during the National Press Freedom Day, Guezouma Sanogo, president of the steering committee of the Norbert Zongo National Press Center, declared: <em>\u201cWe have reached the point where professionalism in this profession has become a crime. The pluralism of opinions that gives the media its charm and is the very foundation of its appeal has been criminalized. The Burkinab\u00e8 press has become apathetic, voiceless, or monotonous.\u201d<\/em><\/p>\n<p>In short, journalism in Burkina Faso is increasingly in danger. A cornerstone of a healthy democracy, the independence of the media is being eroded, casting a dark shadow over the future of freedom of expression in the \u201cland of upright men.\u201d<\/p>\n<p><strong>* <em>The theme of the 27th National Press Freedom Day in Burkina Faso, held on October 20, 2024.<\/em><\/strong><\/p>\n<p><em><strong>Post-edited translation by Alexandros Papadimas Leite (M1 student in translation at ULB) under the supervision of Matthew Langsley<\/strong><\/em><\/p>\n","protected":false},"excerpt":{"rendered":"<p>On October 20, Burkina Faso held the 27th National Press Freedom Day. Only a few years ago, the country was often cited as a model for press freedom in Africa. That is no longer the case.<\/p>\n","protected":false},"author":2,"featured_media":3190,"comment_status":"closed","ping_status":"open","sticky":false,"template":"","format":"standard","meta":{"footnotes":""},"categories":[101],"tags":[499,423],"coauthors":[500],"class_list":["post-3189","post","type-post","status-publish","format-standard","has-post-thumbnail","hentry","category-international","tag-burkina-faso","tag-press-freedom"],"_links":{"self":[{"href":"https:\/\/medialatitudes.be\/en\/wp-json\/wp\/v2\/posts\/3189","targetHints":{"allow":["GET"]}}],"collection":[{"href":"https:\/\/medialatitudes.be\/en\/wp-json\/wp\/v2\/posts"}],"about":[{"href":"https:\/\/medialatitudes.be\/en\/wp-json\/wp\/v2\/types\/post"}],"author":[{"embeddable":true,"href":"https:\/\/medialatitudes.be\/en\/wp-json\/wp\/v2\/users\/2"}],"replies":[{"embeddable":true,"href":"https:\/\/medialatitudes.be\/en\/wp-json\/wp\/v2\/comments?post=3189"}],"version-history":[{"count":1,"href":"https:\/\/medialatitudes.be\/en\/wp-json\/wp\/v2\/posts\/3189\/revisions"}],"predecessor-version":[{"id":3191,"href":"https:\/\/medialatitudes.be\/en\/wp-json\/wp\/v2\/posts\/3189\/revisions\/3191"}],"wp:featuredmedia":[{"embeddable":true,"href":"https:\/\/medialatitudes.be\/en\/wp-json\/wp\/v2\/media\/3190"}],"wp:attachment":[{"href":"https:\/\/medialatitudes.be\/en\/wp-json\/wp\/v2\/media?parent=3189"}],"wp:term":[{"taxonomy":"category","embeddable":true,"href":"https:\/\/medialatitudes.be\/en\/wp-json\/wp\/v2\/categories?post=3189"},{"taxonomy":"post_tag","embeddable":true,"href":"https:\/\/medialatitudes.be\/en\/wp-json\/wp\/v2\/tags?post=3189"},{"taxonomy":"author","embeddable":true,"href":"https:\/\/medialatitudes.be\/en\/wp-json\/wp\/v2\/coauthors?post=3189"}],"curies":[{"name":"wp","href":"https:\/\/api.w.org\/{rel}","templated":true}]}}